{"id":32401,"date":"2020-04-21T15:52:51","date_gmt":"2020-04-21T13:52:51","guid":{"rendered":"https:\/\/frnpbdued.preview.infomaniak.website\/2020\/04\/21\/our-support-to-covid-19-related-projects\/"},"modified":"2023-11-29T07:50:40","modified_gmt":"2023-11-29T06:50:40","slug":"our-support-to-covid-19-related-projects","status":"publish","type":"post","link":"https:\/\/caritasprovitaegradu.ch\/fr\/2020\/04\/21\/our-support-to-covid-19-related-projects\/","title":{"rendered":"Notre soutien aux projets li\u00e9s \u00e0 Covid-19"},"content":{"rendered":"\n<p>En ces temps incertains, alors que la pand\u00e9mie de COVID-19 continue de faire des ravages dans les pays en d\u00e9veloppement. Nous continuerons \u00e0 soutenir tous nos projets et avons d\u00e9cid\u00e9 d\u2019offrir un soutien suppl\u00e9mentaire aux projets qui peuvent contribuer \u00e0 limiter la propagation de ce virus et \u00e0 limiter le nombre de victimes.<\/p>\n\n\n\n<h5 class=\"wp-block-heading\">Derni\u00e8rement, nous avons envoy\u00e9 un soutien suppl\u00e9mentaire aux projets suivants :<\/h5>\n\n\n\n<h6 class=\"wp-block-heading\">H\u00f4pitaux catholiques AVSI en Syrie<\/h6>\n\n\n\n<p>Nous avons soutenu les&nbsp;<a href=\"https:\/\/www.caritasprovitaegradu.ch\/fr\/projects\/projet-open-hospitals-syrie\/\" target=\"_blank\" rel=\"noreferrer noopener\"><strong>trois h\u00f4pitaux catholiques AVSI en Syrie<\/strong><\/a>. Pour les aider \u00e0 acqu\u00e9rir des respirateurs et du mat\u00e9riel m\u00e9dical pour traiter les patients atteints du COVID-19.<\/p>\n\n\n\n<h6 class=\"wp-block-heading\">M\u00e9decins d\u2019Afrique<\/h6>\n\n\n\n<p>Nous aidons&nbsp;<a href=\"https:\/\/www.caritasprovitaegradu.ch\/fr\/projects\/hopital-catholique-chiulo-angola-cuamm\/\" target=\"_blank\" rel=\"noreferrer noopener\"><strong>M\u00e9decins d\u2019Afrique CUAMM en Angola et en Sierra Leone<\/strong><\/a>. Avec leurs plans de pr\u00e9paration et de r\u00e9ponse actuels afin d\u2019arr\u00eater la transmission du virus dans leurs h\u00f4pitaux locaux.<\/p>\n\n\n\n<h6 class=\"wp-block-heading\">Ordre de Malte au Liban<\/h6>\n\n\n\n<p>Nous avons envoy\u00e9 un don suppl\u00e9mentaire \u00e0 l\u2019<a href=\"http:\/\/caritasprovitaegradu.ch\/fr\/projects\/chabrouh-camps-in-lebanon\/(ouvre%20un%20nouvel%20onglet)\" target=\"_blank\" rel=\"noreferrer noopener\"><strong>Ordre de Malte au Liban<\/strong><\/a>. Afin d\u2019acqu\u00e9rir des ventilateurs et des \u00e9quipements de protection individuelle pour prot\u00e9ger le personnel m\u00e9dical et limiter la contagion. En outre, nous avons \u00e9galement financ\u00e9 une unit\u00e9 m\u00e9dicale mobile suppl\u00e9mentaire pour les aider \u00e0 atteindre les personnes ayant besoin de soins m\u00e9dicaux qui sont \u00e9loign\u00e9es des autres h\u00f4pitaux et qui pourraient avoir besoin d\u2019aide pendant cette pand\u00e9mie.<\/p>\n\n\n\n<h6 class=\"wp-block-heading\">A Chance in Life<\/h6>\n\n\n\n<p>Nous avons envoy\u00e9 deux dons \u00e0&nbsp;<a href=\"https:\/\/www.caritasprovitaegradu.ch\/fr\/projects\/a-chance-in-life-ethiopia-boys-and-girls-town\/\" target=\"_blank\" rel=\"noreferrer noopener\"><strong>A Chance in Life<\/strong><\/a>. Pour aider \u00e0 nourrir un total de 11\u2019366 enfants et leurs familles pendant cette pand\u00e9mie en Colombie, au Guatemala, au P\u00e9rou, en Bolivie, au Mexique, en Ethiopie et en Inde.<\/p>\n\n\n\n<h6 class=\"wp-block-heading\">Fonds mondial pour les personnes oubli\u00e9es<\/h6>\n\n\n\n<p>Nous avons envoy\u00e9 un soutien au&nbsp;<a href=\"http:\/\/caritasprovitaegradu.ch\/projects\/global-fund-for-forgotten-people-in-oxfordshire\/\" target=\"_blank\" rel=\"noreferrer noopener\"><strong>Global Fund for Forgotten People (GFFP)<\/strong><\/a>. Pour les aider \u00e0 prendre soin des personnes \u00e2g\u00e9es, des sans-abri, des enfants abandonn\u00e9s et handicap\u00e9s. Ainsi que les r\u00e9fugi\u00e9s qui sont actuellement les plus vuln\u00e9rables et facilement oubli\u00e9s pendant cette pand\u00e9mie.<\/p>\n\n\n\n<h6 class=\"wp-block-heading\">Le r\u00e9seau international de migration Scalabrini<\/h6>\n\n\n\n<p>Nous soutenons \u00e9galement le&nbsp;<a href=\"http:\/\/caritasprovitaegradu.ch\/fr\/2019\/05\/22\/scalabrini-brothers-simn-video\/(ouvre%20un%20nouvel%20onglet)\" target=\"_blank\" rel=\"noreferrer noopener\"><strong>R\u00e9seau international des migrations Scalabrini (\u00ab&nbsp;SIMN&nbsp;\u00bb)<\/strong><\/a>. Pour fournir de la nourriture, un abri et une protection juridique aux familles migrantes vuln\u00e9rables qui en d\u00e9pendent dans 34 pays, ainsi que des \u00e9quipements sanitaires.<\/p>\n\n\n\n<h6 class=\"wp-block-heading\">Communaut\u00e9 de Saint-Martin<\/h6>\n\n\n\n<p>Nous aidons la&nbsp;<a href=\"http:\/\/caritasprovitaegradu.ch\/projects\/communaute-saint-martin-in-evron\/(ouvre%20un%20nouvel%20onglet)\" target=\"_blank\" rel=\"noreferrer noopener\"><strong>Communaut\u00e9 de Saint-Martin<\/strong><\/a>. Pour fournir de la nourriture aux habitants de Cuba pendant cette crise et pour reconstruire une \u00e9cole qui \u00e9duque 650 jeunes \u00e9tudiants par an.<\/p>\n\n\n\n<h6 class=\"wp-block-heading\">Dioc\u00e8se de La Dorada<\/h6>\n\n\n\n<p>Nous avons d\u00e9cid\u00e9 d\u2019aider le&nbsp;<a href=\"http:\/\/www.caritasladorada.com\/\" target=\"_blank\" rel=\"noreferrer noopener\"><strong>Dioc\u00e8se de La Dorada<\/strong><\/a>&nbsp;dans son projet de banque alimentaire en Colombie pour fournir de la nourriture et des produits de premi\u00e8re n\u00e9cessit\u00e9 \u00e0 200 familles ainsi que 2 soupes populaires caritatives qui fournissent des repas chauds \u00e0 560 autres personnes par mois. Pour aider \u00e0 att\u00e9nuer les r\u00e9percussions de l\u2019ordre de fermeture et de l\u2019augmentation du ch\u00f4mage dans la r\u00e9gion de La Dorada en Colombie.<\/p>\n\n\n\n<p>Nous continuerons \u00e0 soutenir nos projets de la meilleure fa\u00e7on possible pendant cette pand\u00e9mie de COVID-19. Nous esp\u00e9rons que ces temps difficiles seront de courte dur\u00e9e !<\/p>\n\n\n\n<p><a href=\"https:\/\/www.caritasprovitaegradu.ch\/catholic-projects\/\" target=\"_blank\" rel=\"noreferrer noopener\">Voir nos autres projets<\/a><\/p>\n","protected":false},"excerpt":{"rendered":"<p>En ces temps incertains, alors que la pand\u00e9mie de COVID-19 continue de faire des ravages dans les pays en d\u00e9veloppement. Nous continuerons \u00e0 soutenir tous nos projets et avons d\u00e9cid\u00e9 d\u2019offrir un soutien suppl\u00e9mentaire aux projets qui peuvent contribuer \u00e0 limiter la propagation de ce virus et \u00e0 limiter le nombre de victimes. Derni\u00e8rement, nous [&hellip;]<\/p>\n","protected":false},"author":1,"featured_media":30402,"comment_status":"closed","ping_status":"closed","sticky":false,"template":"","format":"standard","meta":{"_acf_changed":false,"give_campaign_id":0,"_seopress_robots_primary_cat":"","_seopress_titles_title":"","_seopress_titles_desc":"","_seopress_robots_index":"","footnotes":""},"categories":[43],"tags":[45,46,47],"class_list":["post-32401","post","type-post","status-publish","format-standard","has-post-thumbnail","hentry","category-actualites","tag-charity-fr","tag-humanitarian-fr","tag-social-fr-2"],"acf":[],"_links":{"self":[{"href":"https:\/\/caritasprovitaegradu.ch\/fr\/wp-json\/wp\/v2\/posts\/32401","targetHints":{"allow":["GET"]}}],"collection":[{"href":"https:\/\/caritasprovitaegradu.ch\/fr\/wp-json\/wp\/v2\/posts"}],"about":[{"href":"https:\/\/caritasprovitaegradu.ch\/fr\/wp-json\/wp\/v2\/types\/post"}],"author":[{"embeddable":true,"href":"https:\/\/caritasprovitaegradu.ch\/fr\/wp-json\/wp\/v2\/users\/1"}],"replies":[{"embeddable":true,"href":"https:\/\/caritasprovitaegradu.ch\/fr\/wp-json\/wp\/v2\/comments?post=32401"}],"version-history":[{"count":2,"href":"https:\/\/caritasprovitaegradu.ch\/fr\/wp-json\/wp\/v2\/posts\/32401\/revisions"}],"predecessor-version":[{"id":32471,"href":"https:\/\/caritasprovitaegradu.ch\/fr\/wp-json\/wp\/v2\/posts\/32401\/revisions\/32471"}],"wp:featuredmedia":[{"embeddable":true,"href":"https:\/\/caritasprovitaegradu.ch\/fr\/wp-json\/wp\/v2\/media\/30402"}],"wp:attachment":[{"href":"https:\/\/caritasprovitaegradu.ch\/fr\/wp-json\/wp\/v2\/media?parent=32401"}],"wp:term":[{"taxonomy":"category","embeddable":true,"href":"https:\/\/caritasprovitaegradu.ch\/fr\/wp-json\/wp\/v2\/categories?post=32401"},{"taxonomy":"post_tag","embeddable":true,"href":"https:\/\/caritasprovitaegradu.ch\/fr\/wp-json\/wp\/v2\/tags?post=32401"}],"curies":[{"name":"wp","href":"https:\/\/api.w.org\/{rel}","templated":true}]}}