{"id":32397,"date":"2019-09-23T11:31:54","date_gmt":"2019-09-23T09:31:54","guid":{"rendered":"https:\/\/frnpbdued.preview.infomaniak.website\/2019\/09\/23\/interview-of-the-cardinal-mario-zenari-apostolic-nuncio-in-syria\/"},"modified":"2023-11-29T07:51:51","modified_gmt":"2023-11-29T06:51:51","slug":"interview-of-the-cardinal-mario-zenari-apostolic-nuncio-in-syria","status":"publish","type":"post","link":"https:\/\/caritasprovitaegradu.ch\/fr\/2019\/09\/23\/interview-of-the-cardinal-mario-zenari-apostolic-nuncio-in-syria\/","title":{"rendered":"Interview du Cardinal Mario Zenari, Nonce Apostolique en Syrie"},"content":{"rendered":"\n<p class=\"wp-block-paragraph\">Initi\u00e9 par le Cardinal Mario Zenari, mis en \u0153uvre par la&nbsp;<a href=\"https:\/\/www.avsi.org\/en\/\" target=\"_blank\" rel=\"noreferrer noopener\">Fondation AVSI<\/a>&nbsp;et soutenu financi\u00e8rement par The Caritas Pro Vitae Gradu Charitable Trust, le projet&nbsp;<a href=\"https:\/\/www.caritasprovitaegradu.ch\/fr\/projects\/projet-open-hospitals-syrie\/\" target=\"_blank\" rel=\"noreferrer noopener\">\u00ab&nbsp;H\u00f4pitaux ouverts&nbsp;\u00bb en Syrie<\/a>&nbsp;vise \u00e0 fournir 50\u2019000 traitements m\u00e9dicaux gratuits \u00e0 la population la plus pauvre vivant \u00e0 Damas et Alep.<\/p>\n\n\n\n<p class=\"wp-block-paragraph\">Regardez l\u2019interview du cardinal Mario Zenari, nonce apostolique en Syrie, qui aura lieu \u00e0 l\u2019\u00e9t\u00e9 2019. Une interview tr\u00e8s \u00e9mouvante.<\/p>\n\n\n\n<figure class=\"wp-block-embed is-type-video is-provider-youtube wp-block-embed-youtube wp-embed-aspect-16-9 wp-has-aspect-ratio\"><div class=\"wp-block-embed__wrapper\">\n<iframe title=\"Interview of Cardinal Mario Zenari, Apostolic Nuncio in Syria - CPVG - Ariane Slinger\" width=\"800\" height=\"450\" src=\"https:\/\/www.youtube.com\/embed\/goQoGjyuudg?feature=oembed\" frameborder=\"0\" allow=\"accelerometer; autoplay; clipboard-write; encrypted-media; gyroscope; picture-in-picture; web-share\" allowfullscreen><\/iframe>\n<\/div><\/figure>\n\n\n\n<h5 class=\"wp-block-heading\">Projet H\u00f4pitaux ouverts en Syrie<\/h5>\n\n\n\n<p class=\"wp-block-paragraph\">Selon les estimations les plus r\u00e9centes (donn\u00e9es OCHA), 13,5 millions de Syriens ont besoin d\u2019aide, et 11,5 millions d\u2019entre eux n\u2019ont pas acc\u00e8s aux soins de sant\u00e9 ; 40% d\u2019entre eux sont des enfants.<\/p>\n\n\n\n<p class=\"wp-block-paragraph\">Le projet Open Hospital est parti du constat que les trois h\u00f4pitaux catholiques existants en Syrie n\u2019\u00e9taient pas utilis\u00e9s \u00e0 leur plein potentiel en raison d\u2019un manque de ressources financi\u00e8res et mat\u00e9rielles, \u00e0 savoir :<\/p>\n\n\n\n<ul class=\"wp-block-list\">\n<li><strong>L\u2019h\u00f4pital italien de Damas&nbsp;<\/strong>(fond\u00e9 en 1913 et g\u00e9r\u00e9 par les s\u0153urs sal\u00e9siennes Filles de Marie. L\u2019h\u00f4pital compte 55 lits et emploie 26 m\u00e9decins et 54 infirmi\u00e8res) ;<\/li>\n\n\n\n<li><strong>H\u00f4pital fran\u00e7ais de Damas<\/strong>&nbsp;(fond\u00e9 en 1905 et g\u00e9r\u00e9 par les Filles de Saint Vincent de Paul. L\u2019h\u00f4pital compte 104 lits et emploie 47 m\u00e9decins et 139 infirmi\u00e8res) ; et<\/li>\n\n\n\n<li><strong>L\u2019h\u00f4pital St. Louis \u00e0 Alep<\/strong>&nbsp;(fond\u00e9 en 1905 et g\u00e9r\u00e9 par les S\u0153urs de Saint Joseph de l\u2019Apparition. L\u2019h\u00f4pital compte 60 lits et emploie 18 m\u00e9decins et 44 infirmi\u00e8res).<\/li>\n<\/ul>\n\n\n\n<h5 class=\"wp-block-heading\">Histoire<\/h5>\n\n\n\n<p class=\"wp-block-paragraph\">L\u2019objectif du projet Open Hospital est de soutenir les d\u00e9penses de ces trois h\u00f4pitaux afin de leur permettre de fournir des services de soins m\u00e9dicaux aux populations les plus vuln\u00e9rables d\u2019Alep et de Damas.<\/p>\n\n\n\n<p class=\"wp-block-paragraph\">Le Caritas Pro Vitae Gradu Charitable Trust participe au Projet H\u00f4pitaux Ouverts en finan\u00e7ant, pour les trois h\u00f4pitaux catholiques de Syrie, l\u2019ensemble des salaires et des frais encourus par le personnel hospitalier et les bureaux sociaux, pour une p\u00e9riode de deux ans.<\/p>\n\n\n\n<p class=\"wp-block-paragraph\"><a href=\"https:\/\/www.caritasprovitaegradu.ch\/fr\/aidez-nous-dans-notre-mission\/\" target=\"_blank\" rel=\"noreferrer noopener\">Aidez-nous \u00e0 soutenir ce projet<\/a><\/p>\n","protected":false},"excerpt":{"rendered":"<p>Initi\u00e9 par le Cardinal Mario Zenari, mis en \u0153uvre par la&nbsp;Fondation AVSI&nbsp;et soutenu financi\u00e8rement par The Caritas Pro Vitae Gradu Charitable Trust, le projet&nbsp;\u00ab&nbsp;H\u00f4pitaux ouverts&nbsp;\u00bb en Syrie&nbsp;vise \u00e0 fournir 50\u2019000 traitements m\u00e9dicaux gratuits \u00e0 la population la plus pauvre vivant \u00e0 Damas et Alep. Regardez l\u2019interview du cardinal Mario Zenari, nonce apostolique en Syrie, qui [&hellip;]<\/p>\n","protected":false},"author":1,"featured_media":30406,"comment_status":"closed","ping_status":"closed","sticky":false,"template":"","format":"standard","meta":{"_acf_changed":false,"give_campaign_id":0,"_seopress_titles_title":"","_seopress_titles_desc":"","_seopress_robots_index":"","_seopress_robots_follow":"","_seopress_robots_imageindex":"","_seopress_robots_snippet":"","_seopress_robots_primary_cat":"","_seopress_robots_breadcrumbs":"","_seopress_robots_freeze_modified_date":"","_seopress_robots_custom_modified_date":"","_seopress_robots_canonical":"","_seopress_social_fb_title":"","_seopress_social_fb_desc":"","_seopress_social_fb_img":"","_seopress_social_fb_img_attachment_id":0,"_seopress_social_fb_img_width":0,"_seopress_social_fb_img_height":0,"_seopress_social_twitter_title":"","_seopress_social_twitter_desc":"","_seopress_social_twitter_img":"","_seopress_social_twitter_img_attachment_id":0,"_seopress_social_twitter_img_width":0,"_seopress_social_twitter_img_height":0,"_seopress_redirections_value":"","_seopress_redirections_enabled":"","_seopress_redirections_enabled_regex":"","_seopress_redirections_logged_status":"","_seopress_redirections_param":"","_seopress_redirections_type":0,"_seopress_analysis_target_kw":"","_seopress_news_disabled":"","_seopress_video_disabled":"","_seopress_video":[],"_seopress_pro_schemas_manual":[],"_seopress_pro_rich_snippets_disable_all":"","_seopress_pro_rich_snippets_disable":[],"_seopress_pro_schemas":[],"footnotes":""},"categories":[43],"tags":[45,46,47],"class_list":["post-32397","post","type-post","status-publish","format-standard","has-post-thumbnail","hentry","category-actualites","tag-charity-fr","tag-humanitarian-fr","tag-social-fr-2"],"acf":[],"_links":{"self":[{"href":"https:\/\/caritasprovitaegradu.ch\/fr\/wp-json\/wp\/v2\/posts\/32397","targetHints":{"allow":["GET"]}}],"collection":[{"href":"https:\/\/caritasprovitaegradu.ch\/fr\/wp-json\/wp\/v2\/posts"}],"about":[{"href":"https:\/\/caritasprovitaegradu.ch\/fr\/wp-json\/wp\/v2\/types\/post"}],"author":[{"embeddable":true,"href":"https:\/\/caritasprovitaegradu.ch\/fr\/wp-json\/wp\/v2\/users\/1"}],"replies":[{"embeddable":true,"href":"https:\/\/caritasprovitaegradu.ch\/fr\/wp-json\/wp\/v2\/comments?post=32397"}],"version-history":[{"count":2,"href":"https:\/\/caritasprovitaegradu.ch\/fr\/wp-json\/wp\/v2\/posts\/32397\/revisions"}],"predecessor-version":[{"id":32472,"href":"https:\/\/caritasprovitaegradu.ch\/fr\/wp-json\/wp\/v2\/posts\/32397\/revisions\/32472"}],"wp:featuredmedia":[{"embeddable":true,"href":"https:\/\/caritasprovitaegradu.ch\/fr\/wp-json\/wp\/v2\/media\/30406"}],"wp:attachment":[{"href":"https:\/\/caritasprovitaegradu.ch\/fr\/wp-json\/wp\/v2\/media?parent=32397"}],"wp:term":[{"taxonomy":"category","embeddable":true,"href":"https:\/\/caritasprovitaegradu.ch\/fr\/wp-json\/wp\/v2\/categories?post=32397"},{"taxonomy":"post_tag","embeddable":true,"href":"https:\/\/caritasprovitaegradu.ch\/fr\/wp-json\/wp\/v2\/tags?post=32397"}],"curies":[{"name":"wp","href":"https:\/\/api.w.org\/{rel}","templated":true}]}}