{"id":32389,"date":"2019-05-22T17:14:02","date_gmt":"2019-05-22T15:14:02","guid":{"rendered":"https:\/\/frnpbdued.preview.infomaniak.website\/2019\/05\/22\/scalabrini-brothers-simn-video\/"},"modified":"2023-11-29T07:55:15","modified_gmt":"2023-11-29T06:55:15","slug":"scalabrini-brothers-simn-video","status":"publish","type":"post","link":"https:\/\/caritasprovitaegradu.ch\/fr\/2019\/05\/22\/scalabrini-brothers-simn-video\/","title":{"rendered":"Vid\u00e9o des fr\u00e8res Scalabrini (SIMN)"},"content":{"rendered":"\n<p>Pour ceux qui souhaitent voir comment les\u00a0<a href=\"http:\/\/www.simn-global.org\/\">Fr\u00e8res Scalabrini<\/a>\u00a0(SIMN) op\u00e8rent la gestion de leur camp de r\u00e9fugi\u00e9s \u00e0 CUCUTA \u2013 COLOMBIE, pour les r\u00e9fugi\u00e9s v\u00e9n\u00e9zu\u00e9liens, main dans la main avec d\u2019autres ONG (Croix Rouge, ONU). Jetez un coup d\u2019\u0153il \u00e0 cette vid\u00e9o r\u00e9cente montrant leur admirable travail de compassion.<\/p>\n\n\n\n<figure class=\"wp-block-embed is-type-video is-provider-youtube wp-block-embed-youtube wp-embed-aspect-16-9 wp-has-aspect-ratio\"><div class=\"wp-block-embed__wrapper\">\n<iframe title=\"Scalabrini Brothers (SIMN) - CPVG - Ariane Slinger\" width=\"800\" height=\"450\" src=\"https:\/\/www.youtube.com\/embed\/C_gL5dpP9y8?feature=oembed\" frameborder=\"0\" allow=\"accelerometer; autoplay; clipboard-write; encrypted-media; gyroscope; picture-in-picture; web-share\" allowfullscreen><\/iframe>\n<\/div><\/figure>\n\n\n\n<h3 class=\"wp-block-heading\">Mission des Fr\u00e8res Scalabrini (SIMN)<\/h3>\n\n\n\n<p>La mission du R\u00e9seau International des Migrations Scalabrini est de promouvoir la dignit\u00e9 et les droits des migrants, r\u00e9fugi\u00e9s, marins et itin\u00e9rants dans le monde entier.<\/p>\n\n\n\n<h5 class=\"wp-block-heading\">Vision<\/h5>\n\n\n\n<p>Les entit\u00e9s des Fr\u00e8res Scalabrini (SIMN) travaillent ensemble comme un seul r\u00e9seau international pour promouvoir une culture mondiale de<\/p>\n\n\n\n<ul class=\"wp-block-list\">\n<li>dignit\u00e9<\/li>\n\n\n\n<li>justice<\/li>\n\n\n\n<li>hospitalit\u00e9<\/li>\n\n\n\n<li>coexistence pacifique pour tous.<\/li>\n<\/ul>\n\n\n\n<h5 class=\"wp-block-heading\">Principes<\/h5>\n\n\n\n<p>En tant que principal r\u00e9seau international pour la migration, le SIMN agit par le biais de ses entit\u00e9s locales, en se concentrant strat\u00e9giquement sur cinq objectifs principaux :<\/p>\n\n\n\n<ul class=\"wp-block-list\">\n<li>La recherche sur la migration afin de sensibiliser pour une meilleure compr\u00e9hension des questions, politiques et programmes migratoires.<\/li>\n\n\n\n<li>Programmes de formation et de renforcement des capacit\u00e9s pour les personnes et les entit\u00e9s travaillant avec les migrants.<\/li>\n\n\n\n<li>Services aux migrants, r\u00e9fugi\u00e9s, personnes d\u00e9plac\u00e9es \u00e0 l\u2019int\u00e9rieur de leur pays, marins et itin\u00e9rants. Pour prot\u00e9ger et promouvoir leurs droits humains, \u00e9conomiques, sociaux et culturels.<\/li>\n\n\n\n<li>Des programmes de plaidoyer. Pour promouvoir des politiques et des programmes qui reconnaissent les droits et la citoyennet\u00e9 participative des migrants et de leurs familles.<\/li>\n\n\n\n<li>Durabilit\u00e9 des programmes et des services aux migrants promus par les entit\u00e9s locales scalabriniennes.<\/li>\n<\/ul>\n\n\n\n<p><a href=\"https:\/\/www.caritasprovitaegradu.ch\/fr\/projects\/centres-scalabrini-amerique-latine\/\" target=\"_blank\" rel=\"noreferrer noopener\">Voir le projet<\/a><\/p>\n","protected":false},"excerpt":{"rendered":"<p>Pour ceux qui souhaitent voir comment les\u00a0Fr\u00e8res Scalabrini\u00a0(SIMN) op\u00e8rent la gestion de leur camp de r\u00e9fugi\u00e9s \u00e0 CUCUTA \u2013 COLOMBIE, pour les r\u00e9fugi\u00e9s v\u00e9n\u00e9zu\u00e9liens, main dans la main avec d\u2019autres ONG (Croix Rouge, ONU). Jetez un coup d\u2019\u0153il \u00e0 cette vid\u00e9o r\u00e9cente montrant leur admirable travail de compassion. Mission des Fr\u00e8res Scalabrini (SIMN) La mission [&hellip;]<\/p>\n","protected":false},"author":1,"featured_media":30417,"comment_status":"closed","ping_status":"closed","sticky":false,"template":"","format":"standard","meta":{"_acf_changed":false,"give_campaign_id":0,"_seopress_robots_primary_cat":"","_seopress_titles_title":"","_seopress_titles_desc":"","_seopress_robots_index":"","footnotes":""},"categories":[43],"tags":[45,46,47],"class_list":["post-32389","post","type-post","status-publish","format-standard","has-post-thumbnail","hentry","category-actualites","tag-charity-fr","tag-humanitarian-fr","tag-social-fr-2"],"acf":[],"_links":{"self":[{"href":"https:\/\/caritasprovitaegradu.ch\/fr\/wp-json\/wp\/v2\/posts\/32389","targetHints":{"allow":["GET"]}}],"collection":[{"href":"https:\/\/caritasprovitaegradu.ch\/fr\/wp-json\/wp\/v2\/posts"}],"about":[{"href":"https:\/\/caritasprovitaegradu.ch\/fr\/wp-json\/wp\/v2\/types\/post"}],"author":[{"embeddable":true,"href":"https:\/\/caritasprovitaegradu.ch\/fr\/wp-json\/wp\/v2\/users\/1"}],"replies":[{"embeddable":true,"href":"https:\/\/caritasprovitaegradu.ch\/fr\/wp-json\/wp\/v2\/comments?post=32389"}],"version-history":[{"count":2,"href":"https:\/\/caritasprovitaegradu.ch\/fr\/wp-json\/wp\/v2\/posts\/32389\/revisions"}],"predecessor-version":[{"id":32482,"href":"https:\/\/caritasprovitaegradu.ch\/fr\/wp-json\/wp\/v2\/posts\/32389\/revisions\/32482"}],"wp:featuredmedia":[{"embeddable":true,"href":"https:\/\/caritasprovitaegradu.ch\/fr\/wp-json\/wp\/v2\/media\/30417"}],"wp:attachment":[{"href":"https:\/\/caritasprovitaegradu.ch\/fr\/wp-json\/wp\/v2\/media?parent=32389"}],"wp:term":[{"taxonomy":"category","embeddable":true,"href":"https:\/\/caritasprovitaegradu.ch\/fr\/wp-json\/wp\/v2\/categories?post=32389"},{"taxonomy":"post_tag","embeddable":true,"href":"https:\/\/caritasprovitaegradu.ch\/fr\/wp-json\/wp\/v2\/tags?post=32389"}],"curies":[{"name":"wp","href":"https:\/\/api.w.org\/{rel}","templated":true}]}}