{"id":32373,"date":"2022-04-04T16:15:06","date_gmt":"2022-04-04T14:15:06","guid":{"rendered":"https:\/\/frnpbdued.preview.infomaniak.website\/2022\/04\/04\/emergency-aid-for-ukraine\/"},"modified":"2023-11-29T07:22:08","modified_gmt":"2023-11-29T06:22:08","slug":"emergency-aid-for-ukraine","status":"publish","type":"post","link":"https:\/\/caritasprovitaegradu.ch\/es\/2022\/04\/04\/emergency-aid-for-ukraine\/","title":{"rendered":"Ayuda de emergencia para Ucrania"},"content":{"rendered":"\n<p>Tras la reciente invasi\u00f3n de Ucrania por parte de Rusia, muchos de nuestros contactos en el \u00e1mbito humanitario han organizado inmediatamente instalaciones para acoger a las personas que huyen de Ucrania y de la guerra. El&nbsp;<a href=\"https:\/\/www.forgottenpeople.org\/\" target=\"_blank\" rel=\"noreferrer noopener\"><strong>Fondo Mundial para las Personas Olvidadas<\/strong><\/a>&nbsp;y&nbsp;<strong>Malteser International<\/strong>, que forman parte de la&nbsp;<strong>Orden de Malta<\/strong>, ya estaban llevando a cabo proyectos de apoyo en Ucrania y en Polonia antes de que estallara esta guerra. Han comenzado a movilizar m\u00e1s recursos para ayudar a proporcionar refugio, apoyo y atenci\u00f3n m\u00e9dica a la poblaci\u00f3n de Ucrania en sus grandes ciudades, as\u00ed como a los ucranianos que han buscado refugio en Polonia y otros pa\u00edses fronterizos.<\/p>\n\n\n\n<p>En&nbsp;<strong>Caritas Pro Vitae Gradu Charitable Trust<\/strong>&nbsp;hemos decidido apoyar inmediatamente a estas organizaciones en su misi\u00f3n de proporcionar ayuda de emergencia que les permita atender las necesidades m\u00e1s urgentes del pueblo ucraniano.<\/p>\n\n\n\n<p>Por favor, ay\u00fadenos a apoyar estos significativos proyectos o ap\u00f3yelos directamente yendo a:<br><a href=\"https:\/\/www.caritasprovitaegradu.ch\/projects\/global-fund-for-forgotten-people-in-oxfordshire\/\" target=\"_blank\" rel=\"noreferrer noopener\">Caritas Pro Vitae Gradu \u2013 Global Fund for Forgotten People in Oxfordshire<\/a><\/p>\n","protected":false},"excerpt":{"rendered":"<p>Tras la reciente invasi\u00f3n de Ucrania por parte de Rusia, muchos de nuestros contactos en el \u00e1mbito humanitario han organizado inmediatamente instalaciones para acoger a las personas que huyen de Ucrania y de la guerra. El&nbsp;Fondo Mundial para las Personas Olvidadas&nbsp;y&nbsp;Malteser International, que forman parte de la&nbsp;Orden de Malta, ya estaban llevando a cabo proyectos [&hellip;]<\/p>\n","protected":false},"author":1,"featured_media":30382,"comment_status":"closed","ping_status":"closed","sticky":false,"template":"","format":"standard","meta":{"_acf_changed":false,"give_campaign_id":0,"_seopress_robots_primary_cat":"","_seopress_titles_title":"","_seopress_titles_desc":"","_seopress_robots_index":"","footnotes":""},"categories":[44],"tags":[48,49,50],"class_list":["post-32373","post","type-post","status-publish","format-standard","has-post-thumbnail","hentry","category-ultimas-noticias","tag-charity-es","tag-humanitarian-es","tag-social-es-2"],"acf":[],"_links":{"self":[{"href":"https:\/\/caritasprovitaegradu.ch\/es\/wp-json\/wp\/v2\/posts\/32373","targetHints":{"allow":["GET"]}}],"collection":[{"href":"https:\/\/caritasprovitaegradu.ch\/es\/wp-json\/wp\/v2\/posts"}],"about":[{"href":"https:\/\/caritasprovitaegradu.ch\/es\/wp-json\/wp\/v2\/types\/post"}],"author":[{"embeddable":true,"href":"https:\/\/caritasprovitaegradu.ch\/es\/wp-json\/wp\/v2\/users\/1"}],"replies":[{"embeddable":true,"href":"https:\/\/caritasprovitaegradu.ch\/es\/wp-json\/wp\/v2\/comments?post=32373"}],"version-history":[{"count":2,"href":"https:\/\/caritasprovitaegradu.ch\/es\/wp-json\/wp\/v2\/posts\/32373\/revisions"}],"predecessor-version":[{"id":32454,"href":"https:\/\/caritasprovitaegradu.ch\/es\/wp-json\/wp\/v2\/posts\/32373\/revisions\/32454"}],"wp:featuredmedia":[{"embeddable":true,"href":"https:\/\/caritasprovitaegradu.ch\/es\/wp-json\/wp\/v2\/media\/30382"}],"wp:attachment":[{"href":"https:\/\/caritasprovitaegradu.ch\/es\/wp-json\/wp\/v2\/media?parent=32373"}],"wp:term":[{"taxonomy":"category","embeddable":true,"href":"https:\/\/caritasprovitaegradu.ch\/es\/wp-json\/wp\/v2\/categories?post=32373"},{"taxonomy":"post_tag","embeddable":true,"href":"https:\/\/caritasprovitaegradu.ch\/es\/wp-json\/wp\/v2\/tags?post=32373"}],"curies":[{"name":"wp","href":"https:\/\/api.w.org\/{rel}","templated":true}]}}